{"id":248,"date":"2026-04-24T11:46:47","date_gmt":"2026-04-24T11:46:47","guid":{"rendered":"https:\/\/shahed.org\/news\/?p=248"},"modified":"2026-04-24T12:39:56","modified_gmt":"2026-04-24T12:39:56","slug":"viaggio-blue-lagoon-la-laguna-blu","status":"publish","type":"post","link":"https:\/\/shahed.org\/news\/2026\/04\/24\/viaggio-blue-lagoon-la-laguna-blu\/","title":{"rendered":"Viaggio &#8211; BLUE LAGOON La laguna blu"},"content":{"rendered":"<h1 class=\"viewsHeaderText\">La laguna blu (che quasi nessuno conosce) a 2 passi dall\u2019Italia. \u00abMare come ai Caraibi\u00bb<\/h1>\n<p data-t=\"{&quot;n&quot;:&quot;blueLinks&quot;,&quot;t&quot;:13,&quot;a&quot;:&quot;click&quot;,&quot;b&quot;:76}\">A poche ore dall\u2019<a href=\"https:\/\/www.ilmessaggero.it\/t\/italia\" target=\"_blank\" rel=\"noopener\" data-t=\"{&quot;n&quot;:&quot;destination&quot;,&quot;t&quot;:13,&quot;a&quot;:&quot;click&quot;,&quot;b&quot;:1,&quot;c.t&quot;:7}\">Italia<\/a>\u00a0esiste un tratto di mare che sembra uscito da una cartolina dei\u00a0<a href=\"https:\/\/www.ilmessaggero.it\/t\/caraibi\" target=\"_blank\" rel=\"noopener\" data-t=\"{&quot;n&quot;:&quot;destination&quot;,&quot;t&quot;:13,&quot;a&quot;:&quot;click&quot;,&quot;b&quot;:1,&quot;c.t&quot;:7}\">Caraibi<\/a>. Non \u00e8 un\u2019esagerazione: acque basse, fondali chiarissimi e riflessi che virano dal turchese al blu elettrico. Siamo in\u00a0<a href=\"https:\/\/www.ilmessaggero.it\/t\/dalmazia\" target=\"_blank\" rel=\"noopener\" data-t=\"{&quot;n&quot;:&quot;destination&quot;,&quot;t&quot;:13,&quot;a&quot;:&quot;click&quot;,&quot;b&quot;:1,&quot;c.t&quot;:7}\">Dalmazia<\/a>, tra le isole di\u00a0<a href=\"https:\/\/www.ilmessaggero.it\/t\/drvenik-mali\" target=\"_blank\" rel=\"noopener\" data-t=\"{&quot;n&quot;:&quot;destination&quot;,&quot;t&quot;:13,&quot;a&quot;:&quot;click&quot;,&quot;b&quot;:1,&quot;c.t&quot;:7}\">Drvenik Mali<\/a>, Drvenik Veli e i piccoli isolotti di Krknja\u0161i.\u00a0<em><strong>Qui si trova quella che i croati chiamano\u00a0Plava Laguna, la Laguna Blu<\/strong><\/em>. Un nome che dice tutto: il colore del mare \u00e8 talmente intenso da sembrare irreale. Il motivo \u00e8 tecnico oltre che estetico: fondali sabbiosi e bassi, luce che rimbalza e acqua incredibilmente limpida creano quell\u2019effetto \u201ccaraibico\u201d che rende questo luogo unico nell\u2019<a href=\"https:\/\/www.ilmessaggero.it\/t\/adriatico\" target=\"_blank\" rel=\"noopener\" data-t=\"{&quot;n&quot;:&quot;destination&quot;,&quot;t&quot;:13,&quot;a&quot;:&quot;click&quot;,&quot;b&quot;:1,&quot;c.t&quot;:7}\">Adriatico<\/a>.\u00a0<strong>Non \u00e8 una spiaggia nel senso classico<\/strong>. \u00c8 uno specchio d\u2019acqua tra isolotti, dove si ancora, si nuota e si fa snorkeling in condizioni quasi perfette.<\/p>\n<h3 class=\"article-sub-heading\"><span style=\"color: #0000ff;\">Drvenik Mali l\u2019isola che (quasi) non c\u2019\u00e8<\/span><\/h3>\n<div class=\"embed_custom\">\n<div class=\"img dp-comp continue-read-break\">\n<div class=\"article-image-slot image-slot-placeholder\" data-doc-id=\"cms\/api\/amp\/image\/AA1ZZBkI\">\n<div class=\"article-image-slot\">\n<div class=\"article-image-container in-div polished\" data-t=\"{&quot;n&quot;:&quot;OpenModal&quot;,&quot;t&quot;:13,&quot;b&quot;:8,&quot;c.i&quot;:&quot;AA1ZZ5P0&quot;,&quot;c.l&quot;:false,&quot;c.t&quot;:13,&quot;c.v&quot;:&quot;news&quot;,&quot;c.c&quot;:&quot;newsitaly&quot;,&quot;c.b&quot;:&quot;Il Messaggero&quot;,&quot;c.bi&quot;:&quot;AA2dZc&quot;,&quot;c.tv&quot;:&quot;travel&quot;,&quot;c.tc&quot;:&quot;europe-travel&quot;,&quot;c.hl&quot;:&quot;La laguna blu (che quasi nessuno conosce) a 2 passi dall\u2019Italia. \u00abMare come ai Caraibi\u00bb&quot;}\" data-test-id=\"AA1ZZBkI\">\n<p><button class=\"article-image-height-wrapper expandable article-image-height-wrapper-new\" data-customhandled=\"true\" data-t=\"{&quot;n&quot;:&quot;OpenModalButton&quot;,&quot;a&quot;:&quot;click&quot;,&quot;b&quot;:1,&quot;c.i&quot;:&quot;AA1ZZ5P0&quot;,&quot;c.l&quot;:false,&quot;c.t&quot;:13,&quot;c.v&quot;:&quot;news&quot;,&quot;c.c&quot;:&quot;newsitaly&quot;,&quot;c.b&quot;:&quot;Il Messaggero&quot;,&quot;c.bi&quot;:&quot;AA2dZc&quot;,&quot;c.tv&quot;:&quot;travel&quot;,&quot;c.tc&quot;:&quot;europe-travel&quot;,&quot;c.hl&quot;:&quot;La laguna blu (che quasi nessuno conosce) a 2 passi dall\u2019Italia. \u00abMare come ai Caraibi\u00bb&quot;}\"><img decoding=\"async\" loading=\"lazy\" class=\"article-image article-image-ux-impr article-image-new expandable\" title=\"\u00abCome il mare caraibico\u00bb. La Laguna Blu (che nessuno conosce) a due passi dall\u2019Italia\" src=\"https:\/\/img-s-msn-com.akamaized.net\/tenant\/amp\/entityid\/AA1ZZBkI.img?w=768&amp;h=573&amp;m=6\" alt=\"\u00abCome il mare caraibico\u00bb. La Laguna Blu (che nessuno conosce) a due passi dall\u2019Italia\" width=\"1092\" height=\"815\"><\/button><\/p>\n<div class=\"image-caption-container image-caption-container-ux-impr articlewc-image-caption-container\"><span class=\"image-caption\">\u00abCome il mare caraibico\u00bb. La Laguna Blu (che nessuno conosce) a due passi dall\u2019Italia<\/span><\/div>\n<\/div>\n<\/div>\n<\/div>\n<\/div>\n<\/div>\n<p data-t=\"{&quot;n&quot;:&quot;blueLinks&quot;,&quot;t&quot;:13,&quot;a&quot;:&quot;click&quot;,&quot;b&quot;:76}\">La cosa pi\u00f9 sorprendente? Questa meraviglia si trova accanto a un\u2019isola minuscola e quasi sconosciuta: Drvenik Mali. Qui non troverai resort, movida o stabilimenti organizzati. L\u2019isola \u00e8 piccolissima, con pochissimi abitanti e infrastrutture essenziali. In alcune zone manca perfino l\u2019acqua corrente stabile e la vita scorre lenta, quasi fuori dal tempo. Proprio per questo motivo, la Laguna Blu non \u00e8 diventata una meta \u201cclassica\u201d da turismo di massa via terra. \u00c8 invece il regno di diportisti, escursionisti giornalieri, tour organizzati. Chi arriva qui spesso non dorme sull\u2019isola: arriva, si ferma qualche ora e riparte.<\/p>\n<p data-t=\"{&quot;n&quot;:&quot;blueLinks&quot;,&quot;t&quot;:13,&quot;a&quot;:&quot;click&quot;,&quot;b&quot;:76}\"><strong>La Laguna Blu: perch\u00e9 \u00e8 cos\u00ec speciale<\/strong>. La Laguna Blu si trova tra Drvenik Veli e gli isolotti di Krknja\u0161i ed \u00e8 considerata una delle acque pi\u00f9 limpide di tutta la\u00a0<a href=\"https:\/\/www.ilmessaggero.it\/t\/croazia\" target=\"_blank\" rel=\"noopener\" data-t=\"{&quot;n&quot;:&quot;destination&quot;,&quot;t&quot;:13,&quot;a&quot;:&quot;click&quot;,&quot;b&quot;:1,&quot;c.t&quot;:7}\">Croazia<\/a>. Qui succede qualcosa di particolare: l\u2019acqua \u00e8 piatta e protetta, quasi come una piscina naturale;\u00a0i fondali sono bianchi e bassi, riflettendo la luce; la visibilit\u00e0 \u00e8 altissima, perfetta per snorkeling.<\/p>\n<p data-t=\"{&quot;n&quot;:&quot;blueLinks&quot;,&quot;t&quot;:13,&quot;a&quot;:&quot;click&quot;,&quot;b&quot;:76}\">Non a caso \u00e8 diventata una delle mete preferite per gite in barca: si raggiunge facilmente da\u00a0<a href=\"https:\/\/www.ilmessaggero.it\/t\/spalato\" target=\"_blank\" rel=\"noopener\" data-t=\"{&quot;n&quot;:&quot;destination&quot;,&quot;t&quot;:13,&quot;a&quot;:&quot;click&quot;,&quot;b&quot;:1,&quot;c.t&quot;:7}\">Spalato<\/a>\u00a0o Trogir con escursioni di poche ore. Il risultato \u00e8 un mare che sembra \u201cilluminato da sotto\u201d. Ed \u00e8 proprio questa resa cromatica a far parlare di \u201cCaraibi d\u2019Europa\u201d.<\/p>\n<h3 class=\"article-sub-heading\"><span style=\"color: #0000ff;\">Come raggiungerla la laguna blu dall\u2019Italia<\/span><\/h3>\n<p data-t=\"{&quot;n&quot;:&quot;blueLinks&quot;,&quot;t&quot;:13,&quot;a&quot;:&quot;click&quot;,&quot;b&quot;:76}\">Arrivare alla Laguna Blu non \u00e8 complicato, ma richiede un minimo di pianificazione. Le opzioni principali sono tre:<\/p>\n<h4 class=\"article-sub-heading\"><span style=\"color: #0000ff;\">1. In aereo (la soluzione pi\u00f9 comoda)<\/span><\/h4>\n<p data-t=\"{&quot;n&quot;:&quot;blueLinks&quot;,&quot;t&quot;:13,&quot;a&quot;:&quot;click&quot;,&quot;b&quot;:76}\">La via pi\u00f9 semplice \u00e8\u00a0<strong>volare su Spalato<\/strong>. Da qui si raggiunge Trogir in circa 20-30 minuti; si parte con tour organizzati o barche private<\/p>\n<p data-t=\"{&quot;n&quot;:&quot;blueLinks&quot;,&quot;t&quot;:13,&quot;a&quot;:&quot;click&quot;,&quot;b&quot;:76}\">\u00c8 la soluzione pi\u00f9 veloce e usata dalla maggior parte dei visitatori.<\/p>\n<h4 class=\"article-sub-heading\"><span style=\"color: #0000ff;\">2. In nave (la soluzione pi\u00f9 \u201cmarittima\u201d)<\/span><\/h4>\n<p data-t=\"{&quot;n&quot;:&quot;blueLinks&quot;,&quot;t&quot;:13,&quot;a&quot;:&quot;click&quot;,&quot;b&quot;:76}\">Dal porto di Ancona partono traghetti per Spalato. Un tempo esistevano pi\u00f9 collegamenti (ad esempio da Pescara), oggi molto ridotti o non pi\u00f9 attivi. Una volta arrivati a Spalato, il percorso \u00e8 lo stesso: Spalato \u2192 Trogir \u2192 barca per la Laguna Blu.<\/p>\n<h4 class=\"article-sub-heading\"><span style=\"color: #0000ff;\">3. Coast to coast in auto (la pi\u00f9 lunga, ma panoramica)<\/span><\/h4>\n<p data-t=\"{&quot;n&quot;:&quot;blueLinks&quot;,&quot;t&quot;:13,&quot;a&quot;:&quot;click&quot;,&quot;b&quot;:76}\">Per chi ama guidare: Italia \u2192 Slovenia \u2192 Croazia \u2192 costa dalmata. Si arriva fino a Spalato o Trogir, da cui poi si prosegue via mare. \u00c8 la soluzione pi\u00f9 lenta, ma anche la pi\u00f9 scenografica.<\/p>\n<h3 class=\"article-sub-heading\">L\u2019ultimo tratto: solo via mare<\/h3>\n<p data-t=\"{&quot;n&quot;:&quot;blueLinks&quot;,&quot;t&quot;:13,&quot;a&quot;:&quot;click&quot;,&quot;b&quot;:76}\">Indipendentemente da come arrivi in Croazia, l\u2019ultimo tratto \u00e8 sempre lo stesso: in barca.<\/p>\n<p data-t=\"{&quot;n&quot;:&quot;blueLinks&quot;,&quot;t&quot;:13,&quot;a&quot;:&quot;click&quot;,&quot;b&quot;:76}\">Le opzioni sono:<\/p>\n<ol>\n<li data-t=\"{&quot;n&quot;:&quot;blueLinks&quot;,&quot;t&quot;:13,&quot;a&quot;:&quot;click&quot;,&quot;b&quot;:76}\">escursioni organizzate (le pi\u00f9 diffuse)<\/li>\n<li data-t=\"{&quot;n&quot;:&quot;blueLinks&quot;,&quot;t&quot;:13,&quot;a&quot;:&quot;click&quot;,&quot;b&quot;:76}\">taxi boat<\/li>\n<li data-t=\"{&quot;n&quot;:&quot;blueLinks&quot;,&quot;t&quot;:13,&quot;a&quot;:&quot;click&quot;,&quot;b&quot;:76}\">barca privata<\/li>\n<\/ol>\n<p data-t=\"{&quot;n&quot;:&quot;blueLinks&quot;,&quot;t&quot;:13,&quot;a&quot;:&quot;click&quot;,&quot;b&quot;:76}\"><span style=\"color: #0000ff;\"><strong>Dalle coste di Trogir o Spalato si impiegano circa 15\u201340 minuti per raggiungere la laguna<\/strong>.<\/span><\/p>\n<p data-t=\"{&quot;n&quot;:&quot;blueLinks&quot;,&quot;t&quot;:13,&quot;a&quot;:&quot;click&quot;,&quot;b&quot;:76}\">Esistono anche traghetti per le isole (come da Tra\u00f9 verso Drvenik), ma per arrivare esattamente nella laguna serve comunque un passaggio via mare pi\u00f9 piccolo. Una destinazione \u201cda giornata\u201d, non da soggiorno. La vera particolarit\u00e0 di questo luogo \u00e8 che non \u00e8 pensato per fermarsi, ma per essere vissuto. Non ci sono grandi strutture, non ci sono servizi turistici sviluppati, e proprio per questo conserva un fascino raro.<\/p>\n<div class=\"intra-article-module\" data-t=\"{&quot;n&quot;:&quot;intraArticle&quot;,&quot;t&quot;:13}\">\n<div class=\"articlePageIntraArticleFullWidth ad-slot-placeholder left-image-intra-ad full-bleed-image-intra-ad intra-ad-rm-bg intra-ad-rm-h\" data-ad-index=\"2\">\n<div class=\"left-image-intra-ad full-bleed-image-intra-ad\">\n<div class=\"responsive-views-ad-container\">\n<div class=\"root\">\n<div class=\"content-card-container\">\n<p><img decoding=\"async\" loading=\"lazy\" class=\"media\" src=\"https:\/\/www.bing.com\/th?id=OADD2.1168780891564509_1I2B0RRVB44SZGX&amp;pid=21.2&amp;c=17&amp;roil=8e-04&amp;roit=0&amp;roir=1&amp;roib=1&amp;w=275&amp;h=144&amp;dynsize=1&amp;qlt=90&amp;dpr=2.00\" alt=\"Il gioco pi\u00f9 rilassante\" width=\"991\" height=\"519\" aria-hidden=\"true\"><br>\nIngresso della Croazia nell&#8217;Euro e nello Spazio Schengen<\/p>\n<\/div>\n<\/div>\n<\/div>\n<\/div>\n<\/div>\n<\/div>\n<h3 class=\"article-sub-heading\"><span style=\"color: #0000ff;\"><strong>Perch\u00e9 andarci (davvero)<\/strong><\/span><\/h3>\n<p data-t=\"{&quot;n&quot;:&quot;blueLinks&quot;,&quot;t&quot;:13,&quot;a&quot;:&quot;click&quot;,&quot;b&quot;:76}\">Perch\u00e9 \u00e8 uno dei pochissimi posti in\u00a0<a href=\"https:\/\/www.ilmessaggero.it\/t\/europa\" target=\"_blank\" rel=\"noopener\" data-t=\"{&quot;n&quot;:&quot;destination&quot;,&quot;t&quot;:13,&quot;a&quot;:&quot;click&quot;,&quot;b&quot;:1,&quot;c.t&quot;:7}\">Europa<\/a>\u00a0dove puoi avere acqua caraibica, natura quasi intatta, distanza minima dall\u2019Italia. E soprattutto, almeno per ora, senza la folla delle mete pi\u00f9 celebri.\u00a0<strong>Un piccolo segreto dell\u2019Adriatico. Finch\u00e9 resta tale<\/strong>.<\/p>\n<h1 data-t=\"{&quot;n&quot;:&quot;blueLinks&quot;,&quot;t&quot;:13,&quot;a&quot;:&quot;click&quot;,&quot;b&quot;:76}\"><\/h1>\n<h1 data-t=\"{&quot;n&quot;:&quot;blueLinks&quot;,&quot;t&quot;:13,&quot;a&quot;:&quot;click&quot;,&quot;b&quot;:76}\"><span style=\"color: #ff0000;\">PART 2<\/span><\/h1>\n<h1 class=\"viewsHeaderText\">La Baia di Ieranto \u00e8 tra le spiagge pi\u00f9 belle del mondo secondo BBC: &#8220;Natura selvaggia e panorama sublime&#8221;<\/h1>\n<div class=\"article-image-slot image-slot-placeholder\" data-is-first=\"true\" data-doc-id=\"cms\/api\/amp\/image\/AA1ZBUUY\">\n<div class=\"article-image-slot\">\n<h1 class=\"article-image-container polished\" style=\"text-align: left;\" data-t=\"{&quot;n&quot;:&quot;OpenModal&quot;,&quot;t&quot;:13,&quot;b&quot;:8,&quot;c.i&quot;:&quot;AA1ZCrkl&quot;,&quot;c.l&quot;:false,&quot;c.t&quot;:13,&quot;c.v&quot;:&quot;travel&quot;,&quot;c.c&quot;:&quot;travelnews&quot;,&quot;c.b&quot;:&quot;Fanpage.it&quot;,&quot;c.bi&quot;:&quot;BB1kKR1f&quot;,&quot;c.tv&quot;:&quot;travel&quot;,&quot;c.tc&quot;:&quot;beach-travel&quot;,&quot;c.hl&quot;:&quot;La Baia di Ieranto \u00e8 tra le spiagge pi\u00f9 belle del mondo secondo BBC: \\&quot;Natura selvaggia e panorama sublime\\&quot;&quot;}\" data-test-id=\"AA1ZBUUY\"><button class=\"article-image-height-wrapper expandable article-image-height-wrapper-new\" data-customhandled=\"true\" data-t=\"{&quot;n&quot;:&quot;OpenModalButton&quot;,&quot;a&quot;:&quot;click&quot;,&quot;b&quot;:1,&quot;c.i&quot;:&quot;AA1ZCrkl&quot;,&quot;c.l&quot;:false,&quot;c.t&quot;:13,&quot;c.v&quot;:&quot;travel&quot;,&quot;c.c&quot;:&quot;travelnews&quot;,&quot;c.b&quot;:&quot;Fanpage.it&quot;,&quot;c.bi&quot;:&quot;BB1kKR1f&quot;,&quot;c.tv&quot;:&quot;travel&quot;,&quot;c.tc&quot;:&quot;beach-travel&quot;,&quot;c.hl&quot;:&quot;La Baia di Ieranto \u00e8 tra le spiagge pi\u00f9 belle del mondo secondo BBC: \\&quot;Natura selvaggia e panorama sublime\\&quot;&quot;}\"><img decoding=\"async\" class=\"article-image article-image-ux-impr article-image-new expandable alignleft\" title=\"La Baia di Ieranto \u00e8 tra le spiagge pi\u00f9 belle del mondo secondo BBC: \u201cNatura selvaggia e panorama sublime\u201d\" src=\"https:\/\/img-s-msn-com.akamaized.net\/tenant\/amp\/entityid\/AA1ZBUUY.img?w=768&amp;h=432&amp;m=6\" alt=\"La Baia di Ieranto \u00e8 tra le spiagge pi\u00f9 belle del mondo secondo BBC: \u201cNatura selvaggia e panorama sublime\u201d\">Che si tratti delle lunghe vacanze estive o di qualche ponte primaverile da organizzare per una fuga veloce, le spiagge nei prossimi mesi saranno tra le destinazioni pi\u00f9 gettonate tra i turisti in ferie. Per questo gli esperti travel di\u00a0<a href=\"https:\/\/www.bbc.com\/travel\/article\/20260324-eight-of-the-worlds-best-beach-escapes\" target=\"_blank\" rel=\"noopener\" data-t=\"{&quot;n&quot;:&quot;destination&quot;,&quot;t&quot;:13,&quot;a&quot;:&quot;click&quot;,&quot;b&quot;:1,&quot;c.t&quot;:7}\">BBC<\/a>\u00a0hanno identificato<strong>\u00a0le otto spiagge pi\u00f9 belle del mondo<\/strong>, frutto delle loro dirette esperienze: sono quelle che li hanno colpiti di pi\u00f9, quelle che coniugano relax e divertimento, risultando perfette. Tra i paradisi di sabbia bianca della Tasmania e le acque turchesi della spiaggia di Achmelvich,\u00a0<strong>spicca anche una meta italiana<\/strong>, che \u00e8 riuscita a entrare in elenco e a imporsi con la sua bellezza mozzafiato.<\/button><\/h1>\n<div class=\"image-caption-container image-caption-container-ux-impr articlewc-image-caption-container\"><span class=\"image-caption\">La Baia di Ieranto \u00e8 tra le spiagge pi\u00f9 belle del mondo secondo BBC: \u201cNatura selvaggia e panorama sublime\u201d<\/span><\/div>\n<\/div>\n<\/div>\n<h2 class=\"article-sub-heading\">La Baia di Ieranto, orgoglio italiano nel mondo<\/h2>\n<p class=\"continue-read-break\" data-t=\"{&quot;n&quot;:&quot;blueLinks&quot;,&quot;t&quot;:13,&quot;a&quot;:&quot;click&quot;,&quot;b&quot;:76}\">Dimenticate le spiagge con le file ordinate di ombrelloni.\u00a0<strong>La Costiera Amalfitana e la vicina Penisola Sorrentina<\/strong>\u00a0offrono uno spettacolo diverso: qui i bagnanti stendono i loro teli da mare a terra e si crea un&#8217;atmosfera di pura gioia, serenit\u00e0, all&#8217;insegna della semplicit\u00e0. Ci\u00f2 che conta \u00e8 godersi la natura, in solitudine o in compagnia, nel silenzio o godendosi le chiacchiere coi vicini. &#8220;\u00c8 proprio questa natura selvaggia il suo fascino&#8221; ha scritto la redattrice Eva Sandoval. In particolare, c&#8217;\u00e8 una spiaggetta che \u00e8 un piccolo gioiello. Si tratta della\u00a0<strong>Baia di Ieranto<\/strong>, una baia appartata raggiungibile tramite un sentiero di 2,5 km che parte dal borgo di Nerano. &#8220;S\u00ec, la salita \u00e8 ripida, ma ne vale la pena&#8221;: una volta giunti a destinazione si pu\u00f2 godere di un panorama sublime in un tripudio di colori che vanno dal turchese al ceruleo fino al blu. Questi luoghi riecheggiano anche nelle leggende omeriche: si narra che in questa baia abitassero le sirene che tentarono Ulisse con il loro canto.<\/p>\n<div class=\"article-image-slot image-slot-placeholder\" data-doc-id=\"cms\/api\/amp\/image\/AA1ZCrkh\">\n<div class=\"article-image-slot\">\n<div class=\"article-image-container polished\" data-t=\"{&quot;n&quot;:&quot;OpenModal&quot;,&quot;t&quot;:13,&quot;b&quot;:8,&quot;c.i&quot;:&quot;AA1ZCrkl&quot;,&quot;c.l&quot;:false,&quot;c.t&quot;:13,&quot;c.v&quot;:&quot;travel&quot;,&quot;c.c&quot;:&quot;travelnews&quot;,&quot;c.b&quot;:&quot;Fanpage.it&quot;,&quot;c.bi&quot;:&quot;BB1kKR1f&quot;,&quot;c.tv&quot;:&quot;travel&quot;,&quot;c.tc&quot;:&quot;beach-travel&quot;,&quot;c.hl&quot;:&quot;La Baia di Ieranto \u00e8 tra le spiagge pi\u00f9 belle del mondo secondo BBC: \\&quot;Natura selvaggia e panorama sublime\\&quot;&quot;}\" data-test-id=\"AA1ZCrkh\">\n<div><\/div>\n<p><button class=\"article-image-height-wrapper expandable article-image-height-wrapper-new\" data-customhandled=\"true\" data-t=\"{&quot;n&quot;:&quot;OpenModalButton&quot;,&quot;a&quot;:&quot;click&quot;,&quot;b&quot;:1,&quot;c.i&quot;:&quot;AA1ZCrkl&quot;,&quot;c.l&quot;:false,&quot;c.t&quot;:13,&quot;c.v&quot;:&quot;travel&quot;,&quot;c.c&quot;:&quot;travelnews&quot;,&quot;c.b&quot;:&quot;Fanpage.it&quot;,&quot;c.bi&quot;:&quot;BB1kKR1f&quot;,&quot;c.tv&quot;:&quot;travel&quot;,&quot;c.tc&quot;:&quot;beach-travel&quot;,&quot;c.hl&quot;:&quot;La Baia di Ieranto \u00e8 tra le spiagge pi\u00f9 belle del mondo secondo BBC: \\&quot;Natura selvaggia e panorama sublime\\&quot;&quot;}\"><img decoding=\"async\" class=\"article-image article-image-ux-impr article-image-new expandable\" title=\"La Baia di Ieranto \u00e8 tra le spiagge pi\u00f9 belle del mondo secondo BBC: \u201cNatura selvaggia e panorama sublime\u201d\" src=\"https:\/\/img-s-msn-com.akamaized.net\/tenant\/amp\/entityid\/AA1ZCrkh.img?w=768&amp;h=576&amp;m=6\" alt=\"La Baia di Ieranto \u00e8 tra le spiagge pi\u00f9 belle del mondo secondo BBC: \u201cNatura selvaggia e panorama sublime\u201d\"><\/button><\/p>\n<div class=\"image-caption-container image-caption-container-ux-impr articlewc-image-caption-container\"><span class=\"image-caption\">La Baia di Ieranto \u00e8 tra le spiagge pi\u00f9 belle del mondo secondo BBC: \u201cNatura selvaggia e panorama sublime\u201d<\/span><\/div>\n<\/div>\n<\/div>\n<\/div>\n<h2 class=\"article-sub-heading\">I consigli della BBC sulle spiagge pi\u00f9 belle<\/h2>\n<p data-t=\"{&quot;n&quot;:&quot;blueLinks&quot;,&quot;t&quot;:13,&quot;a&quot;:&quot;click&quot;,&quot;b&quot;:76}\">&#8220;<em>Sebbene il mio cuore sia mediterraneo, devo dire che questa \u00e8 la spiaggia pi\u00f9 bella in assoluto\u00a0in termini di acqua, luna, alberi, serenit\u00e0 generale e consapevolezza ambientale<\/em>&#8221; ha scritto Anna Bressanin. La redattrice BBC ha identificato in questa spiaggetta sull&#8217;<strong>isola di Havelock<\/strong>, la pi\u00f9 grande dell&#8217;arcipelago delle Isole Andamane (India), il paradiso naturale per eccellenza. Proprio per questo \u00e8 anche un luogo molto protetto e tutelato: tutti sono impegnati nel tenere l&#8217;isola pulita, nel non lasciare spazzatura e rifiuti sulla sabbia, soprattutto quelli di plastica.\u00a0In elenco anche l&#8217;<strong>isola di Icacos<\/strong>\u00a0<strong>a Porto Rico<\/strong>\u00a0con le sue acque turchesi, le spiagge di sabbia bianca, le onde che fanno innamorare i surfisti e il sole tutto l&#8217;anno. \u00c8 un&#8217;isola disabitata e incontaminata, un posto idilliaco degno di una fiaba, un sogno a occhi aperti, un racconto mitico. E invece \u00e8 realt\u00e0 e si pu\u00f2 concretizzare facendo un viaggio in barca di 20 minuti da Fajardo.<\/p>\n<div class=\"article-image-slot image-slot-placeholder\" data-doc-id=\"cms\/api\/amp\/image\/AA1ZC7kU\">\n<div class=\"article-image-slot\">\n<div class=\"article-image-container polished\" data-t=\"{&quot;n&quot;:&quot;OpenModal&quot;,&quot;t&quot;:13,&quot;b&quot;:8,&quot;c.i&quot;:&quot;AA1ZCrkl&quot;,&quot;c.l&quot;:false,&quot;c.t&quot;:13,&quot;c.v&quot;:&quot;travel&quot;,&quot;c.c&quot;:&quot;travelnews&quot;,&quot;c.b&quot;:&quot;Fanpage.it&quot;,&quot;c.bi&quot;:&quot;BB1kKR1f&quot;,&quot;c.tv&quot;:&quot;travel&quot;,&quot;c.tc&quot;:&quot;beach-travel&quot;,&quot;c.hl&quot;:&quot;La Baia di Ieranto \u00e8 tra le spiagge pi\u00f9 belle del mondo secondo BBC: \\&quot;Natura selvaggia e panorama sublime\\&quot;&quot;}\" data-test-id=\"AA1ZC7kU\">\n<div><\/div>\n<p><button class=\"article-image-height-wrapper expandable article-image-height-wrapper-new\" data-customhandled=\"true\" data-t=\"{&quot;n&quot;:&quot;OpenModalButton&quot;,&quot;a&quot;:&quot;click&quot;,&quot;b&quot;:1,&quot;c.i&quot;:&quot;AA1ZCrkl&quot;,&quot;c.l&quot;:false,&quot;c.t&quot;:13,&quot;c.v&quot;:&quot;travel&quot;,&quot;c.c&quot;:&quot;travelnews&quot;,&quot;c.b&quot;:&quot;Fanpage.it&quot;,&quot;c.bi&quot;:&quot;BB1kKR1f&quot;,&quot;c.tv&quot;:&quot;travel&quot;,&quot;c.tc&quot;:&quot;beach-travel&quot;,&quot;c.hl&quot;:&quot;La Baia di Ieranto \u00e8 tra le spiagge pi\u00f9 belle del mondo secondo BBC: \\&quot;Natura selvaggia e panorama sublime\\&quot;&quot;}\"><img decoding=\"async\" class=\"article-image article-image-ux-impr article-image-new expandable\" title=\"La Baia di Ieranto \u00e8 tra le spiagge pi\u00f9 belle del mondo secondo BBC: \u201cNatura selvaggia e panorama sublime\u201d\" src=\"https:\/\/img-s-msn-com.akamaized.net\/tenant\/amp\/entityid\/AA1ZC7kU.img?w=768&amp;h=512&amp;m=6\" alt=\"La Baia di Ieranto \u00e8 tra le spiagge pi\u00f9 belle del mondo secondo BBC: \u201cNatura selvaggia e panorama sublime\u201d\"><\/button><\/p>\n<div class=\"image-caption-container image-caption-container-ux-impr articlewc-image-caption-container\"><span class=\"image-caption\">La Baia di Ieranto \u00e8 tra le spiagge pi\u00f9 belle del mondo secondo BBC: \u201cNatura selvaggia e panorama sublime\u201d<\/span><\/div>\n<\/div>\n<\/div>\n<\/div>\n<p data-t=\"{&quot;n&quot;:&quot;blueLinks&quot;,&quot;t&quot;:13,&quot;a&quot;:&quot;click&quot;,&quot;b&quot;:76}\">Passando da una parte all&#8217;altra del mondo, in lista c&#8217;\u00e8\u00a0<strong>El Nido nelle Filippine<\/strong>\u00a0&#8220;dove i granelli di sabbia bagnata scivolano tra le dita come burro setoso&#8221;. Qui \u00e8 possibile concedersi tanti piaceri: non solo appagare la vista con panorami mozzafiato, ma anche concedersi passeggiate, fare kayak e snorkeling, fare un tour tra le isole in motoscafo o catamarano o ancora su una caratteristica bangka filippina. Nelle vicinanze ci sono altre calette interessanti che danno il loro meglio al tramonto: Las Cabanas, Lio o Corong Corong.\u00a0 E a proposito di paesaggi, notevole in questo senso \u00e8 la\u00a0<strong>spiaggia di Grand Case a St. Maarten<\/strong>\u00a0che \u00e8 stata segnalata anche per un altro aspetto: quello culinario. Qui infatti la scena gastronomica \u00e8 particolarmente vivace e interessante.\u00a0 piatti tipici sono fegato d&#8217;anatra, bouillabaisse, aragosta.<\/p>\n<div class=\"article-image-slot image-slot-placeholder\" data-doc-id=\"cms\/api\/amp\/image\/AA1ZBUV0\">\n<div class=\"article-image-slot\">\n<div class=\"article-image-container polished\" data-t=\"{&quot;n&quot;:&quot;OpenModal&quot;,&quot;t&quot;:13,&quot;b&quot;:8,&quot;c.i&quot;:&quot;AA1ZCrkl&quot;,&quot;c.l&quot;:false,&quot;c.t&quot;:13,&quot;c.v&quot;:&quot;travel&quot;,&quot;c.c&quot;:&quot;travelnews&quot;,&quot;c.b&quot;:&quot;Fanpage.it&quot;,&quot;c.bi&quot;:&quot;BB1kKR1f&quot;,&quot;c.tv&quot;:&quot;travel&quot;,&quot;c.tc&quot;:&quot;beach-travel&quot;,&quot;c.hl&quot;:&quot;La Baia di Ieranto \u00e8 tra le spiagge pi\u00f9 belle del mondo secondo BBC: \\&quot;Natura selvaggia e panorama sublime\\&quot;&quot;}\" data-test-id=\"AA1ZBUV0\">\n<div><\/div>\n<p><button class=\"article-image-height-wrapper expandable article-image-height-wrapper-new\" data-customhandled=\"true\" data-t=\"{&quot;n&quot;:&quot;OpenModalButton&quot;,&quot;a&quot;:&quot;click&quot;,&quot;b&quot;:1,&quot;c.i&quot;:&quot;AA1ZCrkl&quot;,&quot;c.l&quot;:false,&quot;c.t&quot;:13,&quot;c.v&quot;:&quot;travel&quot;,&quot;c.c&quot;:&quot;travelnews&quot;,&quot;c.b&quot;:&quot;Fanpage.it&quot;,&quot;c.bi&quot;:&quot;BB1kKR1f&quot;,&quot;c.tv&quot;:&quot;travel&quot;,&quot;c.tc&quot;:&quot;beach-travel&quot;,&quot;c.hl&quot;:&quot;La Baia di Ieranto \u00e8 tra le spiagge pi\u00f9 belle del mondo secondo BBC: \\&quot;Natura selvaggia e panorama sublime\\&quot;&quot;}\"><img decoding=\"async\" class=\"article-image article-image-ux-impr article-image-new expandable\" title=\"La Baia di Ieranto \u00e8 tra le spiagge pi\u00f9 belle del mondo secondo BBC: \u201cNatura selvaggia e panorama sublime\u201d\" src=\"https:\/\/img-s-msn-com.akamaized.net\/tenant\/amp\/entityid\/AA1ZBUV0.img?w=768&amp;h=508&amp;m=6\" alt=\"La Baia di Ieranto \u00e8 tra le spiagge pi\u00f9 belle del mondo secondo BBC: \u201cNatura selvaggia e panorama sublime\u201d\"><\/button><\/p>\n<div class=\"image-caption-container image-caption-container-ux-impr articlewc-image-caption-container\"><span class=\"image-caption\">La Baia di Ieranto \u00e8 tra le spiagge pi\u00f9 belle del mondo secondo BBC: \u201cNatura selvaggia e panorama sublime\u201d<\/span><\/div>\n<\/div>\n<\/div>\n<\/div>\n<p data-t=\"{&quot;n&quot;:&quot;blueLinks&quot;,&quot;t&quot;:13,&quot;a&quot;:&quot;click&quot;,&quot;b&quot;:76}\">Venendo all&#8217;Europa, c&#8217;\u00e8 da tenere in considerazione la\u00a0<strong>spiaggia di Achmelvich<\/strong>\u00a0sulla costa occidentale delle Highlands scozzesi: una distesa di sabbia bianca lunga 200 metri incastonata in una baia rocciosa. \u00c8 apparentemente una stranezza, perch\u00e9 effettivamente la Scozia non \u00e8 la prima destinazione che verrebbe in mente pensando a spiagge da sogno. E invece si fa tanto parlare di Caraibi e Tropici, quando abbiamo tesori balneari anche molto pi\u00f9 vicino, che meritano di essere scoperti. Questo \u00e8 un esempio. Nello specifico, la frastagliata costa delle Highlands occidentali \u00e8 una delle pi\u00f9 spettacolari al mondo, in particolare grazie alla spiaggia di Achmelvich, distesa di sabbia bianca lunga 200 metri incastonata in una baia rocciosa.<\/p>\n<div class=\"article-image-slot image-slot-placeholder\" data-doc-id=\"cms\/api\/amp\/image\/AA1ZCeM7\">\n<div class=\"article-image-slot\">\n<div class=\"article-image-container polished\" data-t=\"{&quot;n&quot;:&quot;OpenModal&quot;,&quot;t&quot;:13,&quot;b&quot;:8,&quot;c.i&quot;:&quot;AA1ZCrkl&quot;,&quot;c.l&quot;:false,&quot;c.t&quot;:13,&quot;c.v&quot;:&quot;travel&quot;,&quot;c.c&quot;:&quot;travelnews&quot;,&quot;c.b&quot;:&quot;Fanpage.it&quot;,&quot;c.bi&quot;:&quot;BB1kKR1f&quot;,&quot;c.tv&quot;:&quot;travel&quot;,&quot;c.tc&quot;:&quot;beach-travel&quot;,&quot;c.hl&quot;:&quot;La Baia di Ieranto \u00e8 tra le spiagge pi\u00f9 belle del mondo secondo BBC: \\&quot;Natura selvaggia e panorama sublime\\&quot;&quot;}\" data-test-id=\"AA1ZCeM7\">\n<div><\/div>\n<p><button class=\"article-image-height-wrapper expandable article-image-height-wrapper-new\" data-customhandled=\"true\" data-t=\"{&quot;n&quot;:&quot;OpenModalButton&quot;,&quot;a&quot;:&quot;click&quot;,&quot;b&quot;:1,&quot;c.i&quot;:&quot;AA1ZCrkl&quot;,&quot;c.l&quot;:false,&quot;c.t&quot;:13,&quot;c.v&quot;:&quot;travel&quot;,&quot;c.c&quot;:&quot;travelnews&quot;,&quot;c.b&quot;:&quot;Fanpage.it&quot;,&quot;c.bi&quot;:&quot;BB1kKR1f&quot;,&quot;c.tv&quot;:&quot;travel&quot;,&quot;c.tc&quot;:&quot;beach-travel&quot;,&quot;c.hl&quot;:&quot;La Baia di Ieranto \u00e8 tra le spiagge pi\u00f9 belle del mondo secondo BBC: \\&quot;Natura selvaggia e panorama sublime\\&quot;&quot;}\"><img decoding=\"async\" class=\"article-image article-image-ux-impr article-image-new expandable\" title=\"La Baia di Ieranto \u00e8 tra le spiagge pi\u00f9 belle del mondo secondo BBC: \u201cNatura selvaggia e panorama sublime\u201d\" src=\"https:\/\/img-s-msn-com.akamaized.net\/tenant\/amp\/entityid\/AA1ZCeM7.img?w=768&amp;h=432&amp;m=6\" alt=\"La Baia di Ieranto \u00e8 tra le spiagge pi\u00f9 belle del mondo secondo BBC: \u201cNatura selvaggia e panorama sublime\u201d\"><\/button><\/p>\n<div class=\"image-caption-container image-caption-container-ux-impr articlewc-image-caption-container\"><span class=\"image-caption\">La Baia di Ieranto \u00e8 tra le spiagge pi\u00f9 belle del mondo secondo BBC: \u201cNatura selvaggia e panorama sublime\u201d<\/span><\/div>\n<\/div>\n<\/div>\n<\/div>\n<p data-t=\"{&quot;n&quot;:&quot;blueLinks&quot;,&quot;t&quot;:13,&quot;a&quot;:&quot;click&quot;,&quot;b&quot;:76}\"><strong>Brighton Beach a Brooklyn<\/strong>\u00a0\u00e8 soprannominata &#8220;Piccola Odessa&#8221;, perch\u00e9 in questa zona sul lungomare si stabilirono negli anni Settanta numerosi immigrati russi e ucraini, quindi ancora oggi risente di quel mix di culture: &#8220;\u00c8 probabilmente il luogo migliore di New York per immergersi nella storia dell&#8217;immigrazione cittadina&#8221; secondo il redattore della BBC Eliot Stein. E cultura, vuol dire anche tradizioni culinarie, difatti qui \u00e8 impossibile non concedersi anche un tour gastronomico, essenziale per capire l&#8217;anima profonda del posto: &#8220;Dopo una nuotata, concedetevi un tour gastronomico slavo, caucasico e turco&#8221;. Per i pi\u00f9 avventurosi desiderosi di spingersi ai confini del mondo l&#8217;ideale \u00e8 lanciarsi alla scoperta della\u00a0<strong>Bay of Fires in Tasmania<\/strong>: 50 km lungo di distese di sabbia bianca lungo la costa nord-orientale dell&#8217;isola: &#8220;Ho camminato per ore senza quasi incontrare anima viva&#8221; ha segnalato Ellie Cobb, proprio per far capire quanto questo posto sia isolato e silenzioso, incontaminato, perfetto se ci si vuole davvero allontanare dai rumori della citt\u00e0 e dello stress della quotidianit\u00e0.<\/p>\n<h1 data-t=\"{&quot;n&quot;:&quot;blueLinks&quot;,&quot;t&quot;:13,&quot;a&quot;:&quot;click&quot;,&quot;b&quot;:76}\"><span style=\"color: #ff0000;\">PART 2<\/span><\/h1>\n<h1 class=\"viewsHeaderText\">Spagna sospesa dalla NATO, Falkland non pi\u00f9 britanniche: Trump studia la vendetta contro gli alleati<\/h1>\n<div class=\"article-image-slot image-slot-placeholder\" data-is-first=\"true\" data-doc-id=\"cms\/api\/amp\/image\/AA21CO1Z\">\n<div class=\"article-image-slot\">\n<div class=\"article-image-container polished\" data-t=\"{&quot;n&quot;:&quot;OpenModal&quot;,&quot;t&quot;:13,&quot;b&quot;:8,&quot;c.i&quot;:&quot;AA21CmgN&quot;,&quot;c.l&quot;:false,&quot;c.t&quot;:13,&quot;c.v&quot;:&quot;news&quot;,&quot;c.c&quot;:&quot;newsworld&quot;,&quot;c.b&quot;:&quot;La Repubblica&quot;,&quot;c.bi&quot;:&quot;AAASV4&quot;,&quot;c.tv&quot;:&quot;news&quot;,&quot;c.tc&quot;:&quot;general&quot;,&quot;c.hl&quot;:&quot;Spagna sospesa dalla NATO, Falkland non pi\u00f9 britanniche: Trump studia la vendetta contro gli alleati&quot;}\" data-test-id=\"AA21CO1Z\">\n<p><button class=\"article-image-height-wrapper expandable article-image-height-wrapper-new\" data-customhandled=\"true\" data-t=\"{&quot;n&quot;:&quot;OpenModalButton&quot;,&quot;a&quot;:&quot;click&quot;,&quot;b&quot;:1,&quot;c.i&quot;:&quot;AA21CmgN&quot;,&quot;c.l&quot;:false,&quot;c.t&quot;:13,&quot;c.v&quot;:&quot;news&quot;,&quot;c.c&quot;:&quot;newsworld&quot;,&quot;c.b&quot;:&quot;La Repubblica&quot;,&quot;c.bi&quot;:&quot;AAASV4&quot;,&quot;c.tv&quot;:&quot;news&quot;,&quot;c.tc&quot;:&quot;general&quot;,&quot;c.hl&quot;:&quot;Spagna sospesa dalla NATO, Falkland non pi\u00f9 britanniche: Trump studia la vendetta contro gli alleati&quot;}\"><img decoding=\"async\" class=\"article-image article-image-ux-impr article-image-new expandable\" title=\"IRAN-CRISIS\/EU\" src=\"https:\/\/img-s-msn-com.akamaized.net\/tenant\/amp\/entityid\/AA21CO1Z.img?w=768&amp;h=432&amp;m=6&amp;x=282&amp;y=178&amp;s=88&amp;d=88\" alt=\"IRAN-CRISIS\/EU\"><\/button><\/p>\n<div class=\"image-caption-container image-caption-container-ux-impr articlewc-image-caption-container\"><span class=\"image-caption\">IRAN-CRISIS\/EU<\/span><span class=\"image-attribution image-attribution-ux-impr\">\u00a9\u00a0REUTERS<\/span><\/div>\n<\/div>\n<\/div>\n<\/div>\n<p data-t=\"{&quot;n&quot;:&quot;blueLinks&quot;,&quot;t&quot;:13,&quot;a&quot;:&quot;click&quot;,&quot;b&quot;:76}\">Una email interna del Pentagono ipotizza misure contro gli alleati Nato ritenuti &#8220;difficili&#8221; nel conflitto Usa-Iran, inclusa la possibilit\u00e0 di\u00a0<a href=\"https:\/\/www.repubblica.it\/esteri\/2026\/03\/12\/news\/trump_iran_abbiamo_gia_vinto_finiamo_lavoro-425215702\/\" target=\"_blank\" rel=\"noopener\" data-t=\"{&quot;n&quot;:&quot;destination&quot;,&quot;t&quot;:13,&quot;a&quot;:&quot;click&quot;,&quot;b&quot;:1,&quot;c.t&quot;:7}\"><strong>sospendere la Spagna dall&#8217;Alleanza<\/strong><\/a>. Lo scrive\u00a0<em>Reuters<\/em>\u00a0sul sito. Tra le opzioni allo studio, si starebbe valutando anche la possibilit\u00e0 di rivedere la posizione degli Stati Uniti rispetto alla\u00a0<a href=\"https:\/\/www.repubblica.it\/esteri\/2024\/02\/26\/news\/milei_argentina_annessione_malvinas-422202792\/\" target=\"_blank\" rel=\"noopener\" data-t=\"{&quot;n&quot;:&quot;destination&quot;,&quot;t&quot;:13,&quot;a&quot;:&quot;click&quot;,&quot;b&quot;:1,&quot;c.t&quot;:7}\"><strong>rivendicazione britannica delle isole Falkland<\/strong><\/a>.<\/p>\n<h2 class=\"article-sub-heading\">La vendetta<\/h2>\n<p><img decoding=\"async\" loading=\"lazy\" class=\"wp-image-259 alignleft\" src=\"https:\/\/shahed.org\/news\/wp-content\/uploads\/2026\/04\/3-STELLE.jpg\" alt=\"\" width=\"1112\" height=\"742\"><\/p>\n<p data-t=\"{&quot;n&quot;:&quot;blueLinks&quot;,&quot;t&quot;:13,&quot;a&quot;:&quot;click&quot;,&quot;b&quot;:76}\">Le opzioni politiche sono dettagliate in una nota che esprime frustrazione per la presunta riluttanza o il rifiuto di alcuni alleati di concedere agli Usa l&#8217;accesso, le basi e i diritti di sorvolo per la guerra contro l&#8217;Iran.<\/p>\n<p class=\"continue-read-break\" data-t=\"{&quot;n&quot;:&quot;blueLinks&quot;,&quot;t&quot;:13,&quot;a&quot;:&quot;click&quot;,&quot;b&quot;:76}\">Secondo il funzionario, l&#8217;email afferma che concedere agli Usa l&#8217;accesso, le basi e i diritti di sorvolo per la guerra contro l&#8217;Iran rappresenta &#8220;solo il punto di riferimento assoluto per la Nato&#8221;, e aggiunge che le diverse opzioni stanno circolando ai pi\u00f9 alti livelli del Pentagono.<\/p>\n<p data-t=\"{&quot;n&quot;:&quot;blueLinks&quot;,&quot;t&quot;:13,&quot;a&quot;:&quot;click&quot;,&quot;b&quot;:76}\">Secondo\u00a0<em>Reuters<\/em>, tuttavia, l&#8217;email non suggerisce un possibile ritiro degli Stati Uniti dalla Nato, n\u00e9 propone la chiusura delle basi in Europa.<\/p>\n<p data-t=\"{&quot;n&quot;:&quot;blueLinks&quot;,&quot;t&quot;:13,&quot;a&quot;:&quot;click&quot;,&quot;b&quot;:76}\">Il presidente del governo spagnolo Pedro S\u00e1nchez ha negato l&#8217;uso delle basi militari, quella navale di Rota e quella aerea di Moron, in Andalusia, e successivamente l&#8217;uso dello spazio aereo per i mezzi impegnati nell&#8217;operazione Stati Uniti-Israele contro Iran.<\/p>\n<div class=\"intra-article-module\" data-t=\"{&quot;n&quot;:&quot;intraArticle&quot;,&quot;t&quot;:13}\">\n<div class=\"articlePageIntraArticleFullWidth ad-slot-placeholder left-image-intra-ad full-bleed-image-intra-ad intra-ad-rm-bg intra-ad-rm-h\" data-ad-index=\"1\">\n<div class=\"left-image-intra-ad full-bleed-image-intra-ad\">\n<div class=\"responsive-views-ad-container\">\n<div id=\"popover-feed-card-slot\" class=\"popover-slot\"><\/div>\n<\/div>\n<\/div>\n<\/div>\n<\/div>\n<p data-t=\"{&quot;n&quot;:&quot;blueLinks&quot;,&quot;t&quot;:13,&quot;a&quot;:&quot;click&quot;,&quot;b&quot;:76}\">Il piano avrebbe un forte valore simbolico, pi\u00f9 che operativo: nel caso della Spagna servirebbe a inviare un segnale politico agli alleati europei, accusati dall&#8217;amministrazione del presidente Donald Trump di non condividere l&#8217;onere della sicurezza.<\/p>\n<h2 class=\"article-sub-heading\">La reazione di S\u00e1nchez<\/h2>\n<p data-t=\"{&quot;n&quot;:&quot;blueLinks&quot;,&quot;t&quot;:13,&quot;a&quot;:&quot;click&quot;,&quot;b&quot;:76}\">&#8220;Non ci basiamo sulle email. Ci basiamo su documenti ufficiali e posizioni governative, in questo caso degli Stati Uniti&#8221;. Lo ha detto il premier spagnolo Pedro S\u00e1nchez, a margine del vertice Ue informale di Cipro.<\/p>\n<h1 data-t=\"{&quot;n&quot;:&quot;blueLinks&quot;,&quot;t&quot;:13,&quot;a&quot;:&quot;click&quot;,&quot;b&quot;:76}\"><span style=\"color: #ff0000;\">PART IV<\/span><\/h1>\n<div class=\"article-image-slot image-slot-placeholder\" data-is-first=\"true\" data-doc-id=\"cms\/api\/amp\/image\/AA21C7Sy\">\n<div class=\"article-image-slot\">\n<div class=\"article-image-container polished\" data-t=\"{&quot;n&quot;:&quot;OpenModal&quot;,&quot;t&quot;:13,&quot;b&quot;:8,&quot;c.i&quot;:&quot;AA21COvx&quot;,&quot;c.l&quot;:false,&quot;c.t&quot;:13,&quot;c.v&quot;:&quot;news&quot;,&quot;c.c&quot;:&quot;newsworld&quot;,&quot;c.b&quot;:&quot;Il Giornale&quot;,&quot;c.bi&quot;:&quot;AA2dYQ&quot;,&quot;c.tv&quot;:&quot;news&quot;,&quot;c.tc&quot;:&quot;general&quot;,&quot;c.hl&quot;:&quot;Operazione Herring: l\u2019ultima azione di guerra dei paracadutisti italiani&quot;}\" data-test-id=\"AA21C7Sy\">\n<p><button class=\"article-image-height-wrapper expandable article-image-height-wrapper-new\" data-customhandled=\"true\" data-t=\"{&quot;n&quot;:&quot;OpenModalButton&quot;,&quot;a&quot;:&quot;click&quot;,&quot;b&quot;:1,&quot;c.i&quot;:&quot;AA21COvx&quot;,&quot;c.l&quot;:false,&quot;c.t&quot;:13,&quot;c.v&quot;:&quot;news&quot;,&quot;c.c&quot;:&quot;newsworld&quot;,&quot;c.b&quot;:&quot;Il Giornale&quot;,&quot;c.bi&quot;:&quot;AA2dYQ&quot;,&quot;c.tv&quot;:&quot;news&quot;,&quot;c.tc&quot;:&quot;general&quot;,&quot;c.hl&quot;:&quot;Operazione Herring: l\u2019ultima azione di guerra dei paracadutisti italiani&quot;}\"><img decoding=\"async\" class=\"article-image article-image-ux-impr article-image-new expandable\" title=\"Operazione Herring: l\u2019ultima azione di guerra dei paracadutisti italiani\" src=\"https:\/\/img-s-msn-com.akamaized.net\/tenant\/amp\/entityid\/AA21C7Sy.img?w=768&amp;h=576&amp;m=6\" alt=\"Operazione Herring: l\u2019ultima azione di guerra dei paracadutisti italiani\"><\/button><\/p>\n<div class=\"image-caption-container image-caption-container-ux-impr articlewc-image-caption-container\"><span class=\"image-caption\">Operazione Herring: l\u2019ultima azione di guerra dei paracadutisti italiani<\/span><\/div>\n<\/div>\n<\/div>\n<\/div>\n<p data-t=\"{&quot;n&quot;:&quot;blueLinks&quot;,&quot;t&quot;:13,&quot;a&quot;:&quot;click&quot;,&quot;b&quot;:76}\">20 aprile 1945, la guerra sta per finire, ma nelle valli del Po, estremo nord, in\u00a0<strong>un&#8217;Italia spaccata in due<\/strong>\u00a0tra il Regno cobelligerante fedele a Vittorio Emanuele III di Savoia e la Repubblica Sociale di Sal\u00f2, rimasta fedele, fino all\u2019ultimo, al Duce Benito Mussolini,\u00a0<strong>un manipolo di paracadutisti italiani<\/strong>, in uniforme inglese, si lancia nel vuoto da aerei alleati per portare a termine una missione unica nel suo genere: il sabotaggio dietro la Linea Gotica. \u00c8 l\u2019inizio dell\u2019<strong>Operazione Herring<\/strong>, che per noi significa \u201c<em>aringa<\/em>\u201d. Per i par\u00e0 italiani, che si sono guadagnati la gloria eterna tra le rocce e la sabbia incandescente di\u00a0<a href=\"https:\/\/www.ilgiornale.it\/news\/storia\/battaglia-el-alamein-eroi-sangue-e-sabbia-2341527.html\" target=\"_blank\" rel=\"noopener\" data-t=\"{&quot;n&quot;:&quot;destination&quot;,&quot;t&quot;:13,&quot;a&quot;:&quot;click&quot;,&quot;b&quot;:1,&quot;c.t&quot;:7}\"><strong>El Alamein<\/strong><\/a>\u00a0al grido di \u201c<em>Folgore\\!<\/em>\u201d e hanno servito sul fronte di Anzio-Nettuno nella Nembo, inquadrati nei reparti tedeschi per contrastare lo sbarco alleato, si tratta dell\u2019ultima missione di guerra, al fianco dello stesso avversario a cui hanno dato la caccia e che ha dato loro non poco filo da torcere in Nord Africa, lo Special Air Service britannico, un\u2019altra leggenda del secondo conflitto mondiale.<\/p>\n<div class=\"intra-article-module\" data-t=\"{&quot;n&quot;:&quot;intraArticle&quot;,&quot;t&quot;:13}\">\n<div class=\"articlePageIntraArticleFullWidth ad-slot-placeholder left-image-intra-ad full-bleed-image-intra-ad intra-ad-rm-bg intra-ad-rm-h\" data-ad-index=\"0\">\n<div class=\"left-image-intra-ad full-bleed-image-intra-ad\">\n<div class=\"responsive-views-ad-container\">\n<div id=\"popover-feed-card-slot\" class=\"popover-slot\"><\/div>\n<\/div>\n<\/div>\n<\/div>\n<\/div>\n<p data-t=\"{&quot;n&quot;:&quot;blueLinks&quot;,&quot;t&quot;:13,&quot;a&quot;:&quot;click&quot;,&quot;b&quot;:76}\"><img decoding=\"async\" loading=\"lazy\" class=\"wp-image-260 alignleft\" src=\"https:\/\/shahed.org\/news\/wp-content\/uploads\/2026\/04\/hONDONKHETRO.jpg\" alt=\"\" width=\"842\" height=\"535\">L\u2019obiettivo dell\u2019operazione, in perfetto stile commando, era gettare scompiglio per\u00a0<strong>36 ore<\/strong>\u00a0(diventate il doppio) nelle retrovie tedesche, consentendo agli Alleati, a corto di uomini, di dare la \u201c<em>spallata finale<\/em>\u201d ai tedeschi per far crollare la\u00a0<strong>Linea Gotica<\/strong>\u00a0dopo il fallimento della manovra a tenaglia della battaglia di Rimini, che avrebbe dovuto aggirare alle spalle la 10\u00aa Armata tedesca.<\/p>\n<p class=\"continue-read-break\" data-t=\"{&quot;n&quot;:&quot;blueLinks&quot;,&quot;t&quot;:13,&quot;a&quot;:&quot;click&quot;,&quot;b&quot;:76}\">Tra le 21:00 e poco oltre la mezzanotte, un gruppo di 246 uomini, divisi in 26 piccoli gruppi con obiettivi sparsi in un triangolo compreso tra Ferrara, Mirandola e Ostiglia, si paracadutarono da una dozzina di aerei da trasporto\u00a0<strong>DC-3 Dakota<\/strong>\u00a0decollati dall\u2019aeroporto di Rosignano. Le truppe aviotrasportate italiane avevano inoltre l\u2019obiettivo di preservare i ponti dalla distruzione da parte dei tedeschi che, una volta ripiegato oltre il Po, li avrebbero certamente minati o fatti saltare per rallentare l\u2019avanzata degli anglo-americani. I paracadutisti italiani erano tutti volontari, addestrati come sabotatori del\u00a0<a href=\"https:\/\/www.ilgiornale.it\/news\/storia\/007-che-ebbe-ruolo-chiave-8-settembre-1943-2207595.html\" target=\"_blank\" rel=\"noopener\" data-t=\"{&quot;n&quot;:&quot;destination&quot;,&quot;t&quot;:13,&quot;a&quot;:&quot;click&quot;,&quot;b&quot;:1,&quot;c.t&quot;:7}\">SOE<\/a>, lo\u00a0<em>Special Operations Executive<\/em>, che condivideva le tattiche delle unit\u00e0 Commando e dello Special Air Service; erano divisi nello\u00a0<strong>Squadrone F<\/strong>, agli ordini del capitano Carlo Francesco Gay, e nella\u00a0<strong>Centuria Nembo<\/strong>, comandata dal tenente Guerrino Ceiner. Tale formazione risponder\u00e0 alla specifica richiesta del tenente colonnello Marling, ideatore dello\u00a0<strong>Special Air Service italiano<\/strong>.<\/p>\n<div class=\"intra-article-module\" data-t=\"{&quot;n&quot;:&quot;intraArticle&quot;,&quot;t&quot;:13}\">\n<div class=\"articlePageIntraArticleFullWidth ad-slot-placeholder left-image-intra-ad full-bleed-image-intra-ad intra-ad-rm-bg intra-ad-rm-h\" data-ad-index=\"1\">\n<div class=\"left-image-intra-ad full-bleed-image-intra-ad\">\n<div class=\"responsive-views-ad-container\">\n<div id=\"popover-feed-card-slot\" class=\"popover-slot\"><\/div>\n<\/div>\n<\/div>\n<\/div>\n<\/div>\n<p data-t=\"{&quot;n&quot;:&quot;blueLinks&quot;,&quot;t&quot;:13,&quot;a&quot;:&quot;click&quot;,&quot;b&quot;:76}\">Le operazioni che prevedono un\u2019inserzione di truppe aviolanciate sono sempre sottoposte all\u2019incognita che riguarda l\u2019individuazione della zona di lancio, o DZ per gli anglosassoni, e, non meno rilevante, a quella che riguarda l\u2019incognita dell\u2019accoglienza nemica. I paracadutisti italiani, che avevano effettuato il loro primo aviolancio sull\u2019isola di Cefalonia, nell\u2019aprile del \u201941, si trovarono a fare i conti con lo stesso problema che interess\u00f2 i paracadutisti americani: un intenso fuoco di sbarramento della contraerea che, nonostante l\u2019avvicinamento di notte, costrinse i piloti dei Dakota americani a dare\u00a0<em>luce verde<\/em>\u00a0su coordinate sbagliate, a bassa quota, facendo atterrare molte squadre di commandos in\u00a0<strong>punti distanti anche 30 o 40 chilometri dagli obiettivi<\/strong>\u00a0prestabiliti. Molti paracadutisti si trovarono costretti a saltare da un\u2019altitudine molto inferiore ai mille metri, trovando un impatto con il terreno decisamente poco dolce, in pi\u00f9 di un caso, proprio sopra la\u00a0<em>FlaK<\/em> tedesca.<\/p>\n<div class=\"intra-article-module\" data-t=\"{&quot;n&quot;:&quot;intraArticle&quot;,&quot;t&quot;:13}\">\n<div class=\"articlePageIntraArticleFullWidth ad-slot-placeholder left-image-intra-ad full-bleed-image-intra-ad intra-ad-rm-bg intra-ad-rm-h\" data-ad-index=\"2\">\n<div class=\"left-image-intra-ad full-bleed-image-intra-ad\">\n<div class=\"responsive-views-ad-container\">\n<div id=\"popover-feed-card-slot\" class=\"popover-slot\"><\/div>\n<\/div>\n<\/div>\n<\/div>\n<\/div>\n<p data-t=\"{&quot;n&quot;:&quot;blueLinks&quot;,&quot;t&quot;:13,&quot;a&quot;:&quot;click&quot;,&quot;b&quot;:76}\"><img decoding=\"async\" loading=\"lazy\" class=\"wp-image-261 alignleft\" src=\"https:\/\/shahed.org\/news\/wp-content\/uploads\/2026\/04\/DuduManik.jpg\" alt=\"\" width=\"627\" height=\"328\">Come \u201c<em>par\u00e0<\/em>\u201d preparati dagli inglesi, inquadrati nell\u20198\u00aa Armata, ma pur sempre appartenenti al Regio Esercito, i commando paracadutisti al comando di Gay e Ceiner indossavano battledress kaki con oversmock da lancio, paracadute type X e un mix di equipaggiamento che comprendeva la famigerata daga dei commando inglesi, il\u00a0<strong>pugnale da combattimento<\/strong>\u00a0<strong>Fairbairn Sykes<\/strong>\u00a0e il mitico\u00a0<strong>Moschetto Automatico Beretta Mod. 1938<\/strong>, in uso tra le unit\u00e0 d\u2019\u00e9lite italiane, reparti speciali come la Folgore, gli Arditi ma anche la X\u00aa Mas. Mentre le mappe su cui erano segnati gli obiettivi precisi della missione vennero consegnate soltanto la notte del lancio, probabilmente per timore che tra loro potessero celarsi delle spie.<\/p>\n<p data-t=\"{&quot;n&quot;:&quot;blueLinks&quot;,&quot;t&quot;:13,&quot;a&quot;:&quot;click&quot;,&quot;b&quot;:76}\">Quelli che seguirono furono\u00a0<strong>tre lunghi giorni<\/strong>\u00a0in cui si alternarono combattimenti e lunghi occultamenti. I sabotatori italiani, sparsi in una vasta area per gli errori di lancio, avevano ricevuto ordini precisi: restare inattivi durante il giorno, nascondendosi tra i vigneti, in cascine abbandonate o nei fossi, per uscire con il favore dell\u2019oscurit\u00e0 e ingaggiare i convogli nemici,\u00a0<strong>minare ponti<\/strong>\u00a0e\u00a0<strong>strade<\/strong>,\u00a0<strong>tagliare le linee telefoniche<\/strong>\u00a0e sminare i passaggi che dovevano restare intatti per consentire alle avanguardie alleate un facile attraversamento del Reno e di altri corsi d\u2019acqua.<\/p>\n<div class=\"intra-article-module\" data-t=\"{&quot;n&quot;:&quot;intraArticle&quot;,&quot;t&quot;:13}\"><\/div>\n<p data-t=\"{&quot;n&quot;:&quot;blueLinks&quot;,&quot;t&quot;:13,&quot;a&quot;:&quot;click&quot;,&quot;b&quot;:76}\">Nonostante i lanci avessero mancato la zona d\u2019atterraggio prevista, le pattuglie diedero prova di grande determinazione nell\u2019affrontare un nemico soverchiante per numero e perseguirono molti degli obiettivi prefissati dall\u2019operazione Aringa: minarono strade di rilievo, attaccarono autocolonne in ripiegamento, incendiarono autocarri carichi di materiale, sminarono ponti sui canali e sui fiumi, interruppero linee telefoniche, crearono scompiglio nelle retrovie del nemico che era convinto di trovarsi di fronte una forza molto pi\u00f9 numerosa di quanto in realt\u00e0 fosse. Ben\u00a0<strong>2.000 i tedeschi che si arresero<\/strong>\u00a0ai paracadutisti italiani, e dozzine di mezzi, compresi camion carichi di armi e munizioni, vennero distrutti o catturati. Sette strade essenziali per la ritirata dei tedeschi vennero minate e interdette, e oltre settanta linee telefoniche tagliate per impedire una comunicazione efficace tra i comandanti tedeschi, che di l\u00ec a pochi giorni avrebbero accettato la resa su pressione dei vertici del servizio informazioni tedesco, come Wolff e Dollman, che avevano condotto delle trattative segrete con Allen Dulles e l\u2019<strong>OSS<\/strong>, il servizio segreto statunitense.<\/p>\n<div class=\"intra-article-module\" data-t=\"{&quot;n&quot;:&quot;intraArticle&quot;,&quot;t&quot;:13}\"><\/div>\n<p data-t=\"{&quot;n&quot;:&quot;blueLinks&quot;,&quot;t&quot;:13,&quot;a&quot;:&quot;click&quot;,&quot;b&quot;:76}\">I combattimenti che si protrassero per il doppio del tempo considerato dalla missione confermarono ancora una volta il valore dei ragazzi di \u201cFolgore\u201d e \u201cNembo\u201d. Secondi a nessuno per coraggio, intraprendenza e capacit\u00e0 di battere un nemico soverchiante per numero. Ma quei\u00a0<strong>tre giorni dietro le linee \u201cnemiche\u201d<\/strong>\u00a0furono pagati con la vita di\u00a0<strong>21 paracadutisti<\/strong>, di cui 14\u00a0<strong>morti<\/strong>\u00a0nello scontro di Ca\u2019 Brusada, un casolare dove il gruppo ingaggi\u00f2 un furioso combattimento che li vedr\u00e0 cadere, uno dopo l\u2019altro, e 10 dispersi.<img decoding=\"async\" loading=\"lazy\" class=\"size-full wp-image-262 alignleft\" src=\"https:\/\/shahed.org\/news\/wp-content\/uploads\/2026\/04\/Gamess.jpg\" alt=\"\" width=\"473\" height=\"862\"><\/p>\n<p data-t=\"{&quot;n&quot;:&quot;blueLinks&quot;,&quot;t&quot;:13,&quot;a&quot;:&quot;click&quot;,&quot;b&quot;:76}\">Tra i caduti, vogliamo ricordare, in queste giornate dedicate alla memoria,\u00a0<strong>Amelio De Juliis<\/strong>, detto\u00a0<em>il Piccolo<\/em>. Bracciante abruzzese, aveva ricevuto il battesimo del fuoco assieme ai partigiani delle sue parti, prima di arruolarsi nell\u2019Esercito cobelligerante e brevettarsi paracadutista nel marzo del 1945. Si era\u00a0<strong>offerto volontario<\/strong>\u00a0per quella missione, ed\u00a0<strong>era il pi\u00f9 giovane dell\u2019intera formazione<\/strong>. Mor\u00ec quel 20 di aprile a Maccaretolo di San Pietro in Casale, raggiunto da una raffica di mitragliatrice mentre cercava di soccorrere, seppur ferito, il sottotenente Angelo Rosas, comandante della sua formazione, e Aristide Arnaboldi, amico fraterno con cui si era arruolato. Verr\u00e0 insignito della\u00a0<strong>medaglia d\u2019oro al valor militare<\/strong>, e resta a tuttora uno dei pi\u00f9 giovani caduti delle nostre forze armate. Nell\u2019encomio si legge: \u201c<em>Bench\u00e9 ferito dopo un violento scontro, riusciva ancora una volta a mettersi in salvo, ma visto cadere il proprio ufficiale si lanciava al suo soccorso e nel tentativo di recuperarne la salma veniva abbattuto da una raffica di mitraglia. Bell&#8217;esempio di spiccato spirito di sacrificio<\/em>\u201d. E allora mi viene alla mente quella canzone,\u00a0<em>I Campi d\u2019Aprile<\/em>, che lascia commossi ed \u00e8 stata dedicata a un altro giovane ragazzo che ha sacrificato la propria vita a pochi giorni dalla fine della guerra, Luciano Tondelli. Ascoltatela se non la conoscete, e se posso osare una persuasione, non affrontate discussioni in questi giorni di memoria. Ricordate i nostri caduti, tutti. Non li biasimate mai. L\u2019Italia \u00e8 pi\u00f9 loro che nostra.<\/p>\n<h1 data-t=\"{&quot;n&quot;:&quot;blueLinks&quot;,&quot;t&quot;:13,&quot;a&quot;:&quot;click&quot;,&quot;b&quot;:76}\"><span style=\"color: #ff0000;\"><strong>PART V &#8211; MEDIEVALE<\/strong><\/span><\/h1>\n<div class=\"slide-title\">\n<div class=\"slide-title-data\"><span class=\"title\">Storie curiose e inquietanti del Medioevo<\/span><span class=\"copyright\">\u00a9Getty Images<\/span><\/div>\n<\/div>\n<div class=\"\">\n<p>Il Medioevo presentava abitudini alquanto sorprendenti. Ad esempio, una volta il tiro con l&#8217;arco era obbligatorio e si poteva pagare l&#8217;affitto anche con le anguille. Nonostante sia comunemente conosciuto come &#8220;epoca buia&#8221;, questa galleria si propone di illuminare alcuni aspetti della vita medievale. Date un&#8217;occhiata e scoprite dettagli intriganti, insoliti e talvolta rivoltanti sul Medioevo.<\/p>\n<p><img decoding=\"async\" loading=\"lazy\" class=\"alignnone wp-image-257\" src=\"https:\/\/shahed.org\/news\/wp-content\/uploads\/2026\/04\/BALLERINE.jpg\" alt=\"\" width=\"710\" height=\"496\"><\/p>\n<div class=\"slide-title\">\n<h2 class=\"slide-title-data\"><span class=\"title\">Nessun cognome<\/span><\/h2>\n<\/div>\n<div class=\"\">\n<p>I cognomi non sono sempre esistiti, ma sono stati introdotti nel 1066 con la conquista normanna. Prima di allora, gli individui erano conosciuti con un solo nome o con un soprannome.<\/p>\n<div class=\"slide-title\">\n<h2 class=\"slide-title-data\"><span class=\"title\">Animali processati in tribunale<\/span><\/h2>\n<\/div>\n<div class=\"\">\n<p>Gli animali venivano talvolta portati in tribunale per vari reati. Affrontavano conseguenze simili a quelle degli esseri umani, come l&#8217;esilio, l&#8217;imprigionamento e persino la pena capitale.<\/p>\n<p><img decoding=\"async\" loading=\"lazy\" class=\"alignnone wp-image-263\" src=\"https:\/\/shahed.org\/news\/wp-content\/uploads\/2026\/04\/Whitedog-1.jpg\" alt=\"\" width=\"695\" height=\"345\"><\/p>\n<div class=\"slide-title\">\n<h1 class=\"slide-title-data\"><span class=\"title\" style=\"color: #ff0000;\">Chi era davvero Giuda Iscariota, un malvagio o solo un incompreso?<\/span><\/h1>\n<\/div>\n<div class=\"\">\n<p>Giuda Iscariota \u00e8 uno dei personaggi biblici pi\u00f9 celebri. \u00c8 il discepolo che trad\u00ec Ges\u00f9, un gesto che ebbe conseguenze devastanti. Tuttavia, ha anche plasmato la storia del cristianesimo. Senza il tradimento di Giuda Iscariota, non ci sarebbe stato il cristianesimo come lo conosciamo.<\/p>\n<p>Ma chi era veramente Giuda e perch\u00e9 ha fatto ci\u00f2 che ha fatto? Era davvero un uomo avido e meschino che mirava solo a fare soldi facili senza preoccuparsi di Ges\u00f9?<\/p>\n<p>In questa galleria potrete conoscere meglio la vita di Giuda Iscariota. Cliccate e scoprite chi era veramente.<\/p>\n<div class=\"slide-title\">\n<h2 class=\"slide-title-data\"><span class=\"title\">Che cosa significa <span style=\"color: #ff0000;\">Iscariota<\/span>?<\/span><\/h2>\n<\/div>\n<div class=\"\">\n<p>Ai tempi di Ges\u00f9, le persone non avevano un cognome. Si usavano invece degli epiteti. Spesso si trattava di riferimenti al luogo di provenienza, al gruppo di appartenenza, al nome del padre, ecc. Iscariota \u00e8 un epiteto.<\/p>\n<div class=\"slide-title\">\n<div class=\"slide-title-data\"><span class=\"title\">Che cosa significa Iscariota?<\/span><\/div>\n<\/div>\n<div class=\"\">\n<p>Si ritiene che Iscariota sia un riferimento al luogo da cui proveniva Giuda. Gli studiosi ritengono che provenisse dalla citt\u00e0 di Kerioth, il che lo rende l&#8217;unico discepolo della Giudea. Un&#8217;altra teoria \u00e8 che il nome fosse associato ai Sicarii, un gruppo di ribelli ebrei<\/p>\n<div class=\"slide-title\">\n<h2 class=\"slide-title-data\"><span class=\"title\" style=\"color: #ff0000;\">Sappiamo chi era il padre di Giuda<\/span><\/h2>\n<\/div>\n<div class=\"\">\n<p>La Bibbia cita effettivamente il nome del padre di Giuda. Giuda Iscariota era figlio di un uomo chiamato Simone Iscariota.<\/p>\n<div class=\"slide-title\">\n<h2 class=\"slide-title-data\"><span class=\"title\" style=\"color: #ff0000;\">Quale Giuda?<\/span><\/h2>\n<\/div>\n<div class=\"\">\n<p>Giuda era un nome abbastanza comune all&#8217;epoca. Dopotutto, deriva dalla parola greca \u1f38\u03bf\u03cd\u03b4\u03b1\u03c2 (Io\u00fadas), per l&#8217;ebraico &#8220;Giuda&#8221; (la trib\u00f9 del re Davide).<\/p>\n<\/div>\n<div class=\"slide-title\">\n<h2 class=\"slide-title-data\"><span class=\"title\" style=\"color: #ff0000;\">Giuda, il fratello di Ges\u00f9<\/span><\/h2>\n<\/div>\n<div class=\"\">\n<p>La Bibbia menziona che Ges\u00f9 aveva un fratello di nome Giuda. &#8220;Non \u00e8 questo il falegname? Non \u00e8 questo il figlio di Maria e il fratello di Giacomo, Giuseppe, Giuda e Simone?&#8221; (Marco 6:3). Si ritiene che sia l&#8217;autore dell&#8217;epistola Giuda.<\/p>\n<div class=\"slide-title\">\n<h2 class=\"slide-title-data\"><span class=\"title\" style=\"color: #ff0000;\">Quale Giuda?<\/span><\/h2>\n<\/div>\n<div class=\"\">\n<p>Sia il Vangelo di Luca che il libro degli Atti fanno riferimento a Giuda, talvolta indicato come Giuda o Giuda Taddeo, o figlio di Giacomo. Si tratta di Giuda l&#8217;apostolo.<\/p>\n<div class=\"slide-title\">\n<h2 class=\"slide-title-data\"><span class=\"title\" style=\"color: #ff0000;\">Nome contaminato<\/span><\/h2>\n<\/div>\n<div class=\"\">\n<p>Il nome ha un certo peso nel cristianesimo e questo si riflette nei tentativi di fare una distinzione tra Giuda Iscariota e altri con lo stesso nome. Un esempio si trova in Giovanni 14:22, dove si legge: &#8220;Allora Giuda (non Giuda Iscariota) disse: &#8220;Ma, Signore, perch\u00e9 intendi mostrarti a noi e non al mondo?&#8221;&#8221;.<\/p>\n<div class=\"slide-title\">\n<h2 class=\"slide-title-data\"><span class=\"title\" style=\"color: #ff0000;\">Giuda Iscariota era il tesoriere dei dodici apostoli<\/span><\/h2>\n<\/div>\n<div class=\"\">\n<p>Secondo il Vangelo di Giovanni, Giuda Iscariota si occupava del denaro dei discepoli.<\/p>\n<div class=\"slide-title\">\n<h2 class=\"slide-title-data\"><span style=\"color: #ff0000;\"><strong><span class=\"title\">Giuda Iscariota era un ladro<\/span><\/strong><\/span><\/h2>\n<\/div>\n<div class=\"\">\n<p>Anche secondo il Vangelo di Giovanni, Giuda era un ladro. Ci\u00f2 \u00e8 descritto in un episodio in cui Maria unse i piedi di Ges\u00f9 con del profumo. Ma Giuda Iscariota, uno dei suoi discepoli (colui che stava per tradirlo), disse: &#8220;Perch\u00e9 questo unguento non \u00e8 stato venduto per trecento denari e non \u00e8 stato dato ai poveri?&#8221; Diceva questo non perch\u00e9 gli importasse dei poveri, ma perch\u00e9 era un ladro e, avendo in mano la borsa dei soldi, si serviva di ci\u00f2 che vi era stato messo&#8221; (Giovanni 12:4-6).<\/p>\n<\/div>\n<\/div>\n<\/div>\n<\/div>\n<\/div>\n<\/div>\n<\/div>\n<\/div>\n<\/div>\n<\/div>\n<\/div>\n<\/div>\n","protected":false},"excerpt":{"rendered":"<p>La laguna blu (che quasi nessuno conosce) a 2 passi dall\u2019Italia. \u00abMare come ai Caraibi\u00bb A poche ore dall\u2019Italia\u00a0esiste un tratto di mare che sembra uscito da una cartolina dei\u00a0Caraibi.&hellip;<\/p>\n","protected":false},"author":1,"featured_media":0,"comment_status":"closed","ping_status":"open","sticky":false,"template":"","format":"standard","meta":[],"categories":[7],"tags":[],"_links":{"self":[{"href":"https:\/\/shahed.org\/news\/wp-json\/wp\/v2\/posts\/248"}],"collection":[{"href":"https:\/\/shahed.org\/news\/wp-json\/wp\/v2\/posts"}],"about":[{"href":"https:\/\/shahed.org\/news\/wp-json\/wp\/v2\/types\/post"}],"author":[{"embeddable":true,"href":"https:\/\/shahed.org\/news\/wp-json\/wp\/v2\/users\/1"}],"replies":[{"embeddable":true,"href":"https:\/\/shahed.org\/news\/wp-json\/wp\/v2\/comments?post=248"}],"version-history":[{"count":12,"href":"https:\/\/shahed.org\/news\/wp-json\/wp\/v2\/posts\/248\/revisions"}],"predecessor-version":[{"id":268,"href":"https:\/\/shahed.org\/news\/wp-json\/wp\/v2\/posts\/248\/revisions\/268"}],"wp:attachment":[{"href":"https:\/\/shahed.org\/news\/wp-json\/wp\/v2\/media?parent=248"}],"wp:term":[{"taxonomy":"category","embeddable":true,"href":"https:\/\/shahed.org\/news\/wp-json\/wp\/v2\/categories?post=248"},{"taxonomy":"post_tag","embeddable":true,"href":"https:\/\/shahed.org\/news\/wp-json\/wp\/v2\/tags?post=248"}],"curies":[{"name":"wp","href":"https:\/\/api.w.org\/{rel}","templated":true}]}}